{"id":585,"date":"2026-04-06T12:20:11","date_gmt":"2026-04-06T15:20:11","guid":{"rendered":"https:\/\/daext.gp.utfpr.edu.br\/?p=585"},"modified":"2026-04-09T14:55:02","modified_gmt":"2026-04-09T17:55:02","slug":"professor-da-utfpr-e-nomeado-editor-chefe-de-periodico-cientifico-internacional","status":"publish","type":"post","link":"https:\/\/daext.gp.utfpr.edu.br\/?p=585","title":{"rendered":"Professor da UTFPR \u00e9 nomeado Editor-Chefe de peri\u00f3dico cient\u00edfico internacional"},"content":{"rendered":"<div class=\"custom-container pesquisa-extensao-container w-full px-4 [&amp;_.custom-container]:px-0 sm:px-0 sm:w-[350.79215px] md:w-[414.79215px] lg:w-[403.79215px] xl:w-[531.79215px] 2xl:w-[659.79215px] transition-[0.5s] mx-auto dark:text-[#F8FAFA] custom-container-inside-custom-container-always-w-full\">\n<div class=\"custom-container pesquisa-extensao-container w-full px-4 [&amp;_.custom-container]:px-0 sm:px-0 sm:w-[350.79215px] md:w-[414.79215px] lg:w-[403.79215px] xl:w-[531.79215px] 2xl:w-[659.79215px] transition-[0.5s] mx-auto dark:text-[#F8FAFA] custom-container-inside-custom-container-always-w-full\">\n<p><span class=\"\"><span class=\"break-words whitespace-normal\"><img loading=\"lazy\" decoding=\"async\" class=\"size-medium wp-image-404 alignleft\" src=\"https:\/\/daext.gp.utfpr.edu.br\/wp-content\/uploads\/2026\/03\/Screenshot-2026-03-25-142702-300x262.png\" alt=\"\" width=\"300\" height=\"262\" srcset=\"https:\/\/daext.gp.utfpr.edu.br\/wp-content\/uploads\/2026\/03\/Screenshot-2026-03-25-142702-300x262.png 300w, https:\/\/daext.gp.utfpr.edu.br\/wp-content\/uploads\/2026\/03\/Screenshot-2026-03-25-142702.png 612w\" sizes=\"auto, (max-width: 300px) 100vw, 300px\" \/>O professor\u00a0<\/span><\/span><strong><span class=\"\"><span class=\"break-words whitespace-normal\">Bruno Leonardo Macedo Ferreira<\/span><\/span><\/strong><span class=\"\"><span class=\"break-words whitespace-normal\">, do Departamento de Ci\u00eancias Exatas da UTFPR \u2013 Campus <\/span> <span translate=\"no\">Guarapuava<\/span> <span class=\"break-words whitespace-normal\">, foi recentemente nomeado\u00a0<\/span><\/span><strong><span class=\"\"><span class=\"break-words whitespace-normal\">Editor-Chefe do\u00a0<\/span><\/span><\/strong><strong><em><span class=\"\"><span class=\"break-words whitespace-normal\">Journal of Operator and Non-Associative Algebras<\/span><\/span><\/em><\/strong> <strong><em><span class=\"\"><span class=\"break-words whitespace-normal\">(ONAA)<\/span><\/span><\/em><\/strong><span class=\"\"><span class=\"break-words whitespace-normal\">, peri\u00f3dico internacional de acesso aberto publicado pela editora BSCIPub.<\/span><\/span><\/p>\n<\/div>\n<\/div>\n<div class=\"custom-container pesquisa-extensao-container w-full px-4 [&amp;_.custom-container]:px-0 sm:px-0 sm:w-[350.79215px] md:w-[414.79215px] lg:w-[403.79215px] xl:w-[531.79215px] 2xl:w-[659.79215px] transition-[0.5s] mx-auto dark:text-[#F8FAFA] custom-container-inside-custom-container-always-w-full\">\n<div class=\"custom-container pesquisa-extensao-container w-full px-4 [&amp;_.custom-container]:px-0 sm:px-0 sm:w-[350.79215px] md:w-[414.79215px] lg:w-[403.79215px] xl:w-[531.79215px] 2xl:w-[659.79215px] transition-[0.5s] mx-auto dark:text-[#F8FAFA] custom-container-inside-custom-container-always-w-full\">\n<p><span class=\"\"><span class=\"break-words whitespace-normal\">O\u00a0<\/span><\/span><em><span class=\"\"><span class=\"break-words whitespace-normal\">ONAA<\/span><\/span><\/em><span class=\"\"><span class=\"break-words whitespace-normal\">\u00a0\u00e9 uma revista cient\u00edfica dedicada \u00e0 divulga\u00e7\u00e3o de pesquisas originais e de alta qualidade na \u00e1rea de\u00a0<\/span><\/span><strong><span class=\"\"><span class=\"break-words whitespace-normal\">\u00e1lgebras n\u00e3o associativas e suas aplica\u00e7\u00f5es<\/span><\/span><\/strong><span class=\"\"><span class=\"break-words whitespace-normal\">, incluindo \u00e1lgebras de Jordan, \u00e1lgebras alternativas, \u00e1lgebras de Lie, \u00e1lgebras de Malcev, entre outras estruturas. Trata-se de um campo em franco crescimento, com conex\u00f5es profundas tanto com a matem\u00e1tica pura quanto com \u00e1reas aplicadas como a f\u00edsica te\u00f3rica, a ci\u00eancia da computa\u00e7\u00e3o e a an\u00e1lise funcional.<\/span><\/span><\/p>\n<\/div>\n<\/div>\n<div class=\"custom-container pesquisa-extensao-container w-full px-4 [&amp;_.custom-container]:px-0 sm:px-0 sm:w-[350.79215px] md:w-[414.79215px] lg:w-[403.79215px] xl:w-[531.79215px] 2xl:w-[659.79215px] transition-[0.5s] mx-auto dark:text-[#F8FAFA] custom-container-inside-custom-container-always-w-full\">\n<div class=\"custom-container pesquisa-extensao-container w-full px-4 [&amp;_.custom-container]:px-0 sm:px-0 sm:w-[350.79215px] md:w-[414.79215px] lg:w-[403.79215px] xl:w-[531.79215px] 2xl:w-[659.79215px] transition-[0.5s] mx-auto dark:text-[#F8FAFA] custom-container-inside-custom-container-always-w-full\">\n<p><span class=\"\"><span class=\"break-words whitespace-normal\">A nomea\u00e7\u00e3o do professor Bruno Ferreira como Editor-Chefe representa um reconhecimento internacional de sua\u00a0<\/span><\/span><strong><span class=\"\"><span class=\"break-words whitespace-normal\">trajet\u00f3ria acad\u00eamica e contribui\u00e7\u00e3o cient\u00edfica<\/span><\/span><\/strong><span class=\"\"><span class=\"break-words whitespace-normal\">. Ao longo de sua carreira, o professor tem publicado artigos em peri\u00f3dicos de prest\u00edgio, orientado estudantes de p\u00f3s-gradua\u00e7\u00e3o e estabelecido colabora\u00e7\u00f5es com pesquisadores de diferentes pa\u00edses. Sua atua\u00e7\u00e3o \u00e0 frente do\u00a0<\/span><\/span><em><span class=\"\"><span class=\"break-words whitespace-normal\">ONAA<\/span><\/span><\/em><span class=\"\"><span class=\"break-words whitespace-normal\">\u00a0refor\u00e7a o papel da UTFPR no cen\u00e1rio cient\u00edfico global e contribui para consolidar a internacionaliza\u00e7\u00e3o da institui\u00e7\u00e3o.<\/span><\/span><\/p>\n<\/div>\n<\/div>\n<div class=\"custom-container pesquisa-extensao-container w-full px-4 [&amp;_.custom-container]:px-0 sm:px-0 sm:w-[350.79215px] md:w-[414.79215px] lg:w-[403.79215px] xl:w-[531.79215px] 2xl:w-[659.79215px] transition-[0.5s] mx-auto dark:text-[#F8FAFA] custom-container-inside-custom-container-always-w-full\">\n<div class=\"custom-container pesquisa-extensao-container w-full px-4 [&amp;_.custom-container]:px-0 sm:px-0 sm:w-[350.79215px] md:w-[414.79215px] lg:w-[403.79215px] xl:w-[531.79215px] 2xl:w-[659.79215px] transition-[0.5s] mx-auto dark:text-[#F8FAFA] custom-container-inside-custom-container-always-w-full\">\n<p><span class=\"\"><span class=\"break-words whitespace-normal\">O peri\u00f3dico j\u00e1 est\u00e1 em funcionamento e recebe submiss\u00f5es de artigos de pesquisadores de todo o mundo. Mais informa\u00e7\u00f5es podem ser encontradas no site oficial:\u00a0<\/span><\/span><a class=\"break-words whitespace-normal\" href=\"https:\/\/bscipub.com\/jonaa\/index\" rel=\"noopener noreferrer\"><span class=\"break-words whitespace-normal\">https:\/\/bscipub.com\/jonaa\/index<\/span><\/a><span class=\"\"><span class=\"break-words whitespace-normal\">.<\/span><\/span><\/p>\n<p><img loading=\"lazy\" decoding=\"async\" class=\"wp-image-584 alignleft\" src=\"https:\/\/daext.gp.utfpr.edu.br\/wp-content\/uploads\/2026\/04\/pageHeaderLogoImage_en-300x292.png\" alt=\"\" width=\"121\" height=\"118\" srcset=\"https:\/\/daext.gp.utfpr.edu.br\/wp-content\/uploads\/2026\/04\/pageHeaderLogoImage_en-300x292.png 300w, https:\/\/daext.gp.utfpr.edu.br\/wp-content\/uploads\/2026\/04\/pageHeaderLogoImage_en-768x747.png 768w, https:\/\/daext.gp.utfpr.edu.br\/wp-content\/uploads\/2026\/04\/pageHeaderLogoImage_en.png 889w\" sizes=\"auto, (max-width: 121px) 100vw, 121px\" \/><\/p>\n<\/div>\n<\/div>\n<p><a href=\"https:\/\/daext.gp.utfpr.edu.br\/wp-content\/uploads\/2026\/04\/bruno.jpg\"><img loading=\"lazy\" decoding=\"async\" src=\"https:\/\/daext.gp.utfpr.edu.br\/wp-content\/uploads\/2026\/04\/bruno-150x150.jpg\" width=\"150\" height=\"150\" alt=\"bruno.jpg\" style=\"display:inline-block\"><\/a> <\/p>","protected":false},"excerpt":{"rendered":"<p>O professor\u00a0Bruno Leonardo Macedo Ferreira, do Departamento de Ci\u00eancias Exatas da UTFPR \u2013 Campus Guarapuava , foi recentemente nomeado\u00a0Editor-Chefe do\u00a0Journal of Operator and Non-Associative Algebras (ONAA), peri\u00f3dico internacional de acesso aberto publicado pela editora BSCIPub. O\u00a0ONAA\u00a0\u00e9 uma revista cient\u00edfica dedicada \u00e0 divulga\u00e7\u00e3o de pesquisas originais e de alta qualidade na \u00e1rea de\u00a0\u00e1lgebras n\u00e3o associativas e [&hellip;]<\/p>\n","protected":false},"author":2,"featured_media":587,"comment_status":"open","ping_status":"open","sticky":false,"template":"","format":"standard","meta":{"_acf_changed":false,"tpgb_global_settings":"","_uag_custom_page_level_css":"","footnotes":""},"categories":[1],"tags":[46,47],"class_list":["post-585","post","type-post","status-publish","format-standard","has-post-thumbnail","hentry","category-sem-categoria","tag-onaa","tag-periodico"],"acf":[],"tpgb_featured_images":{"full":["https:\/\/daext.gp.utfpr.edu.br\/wp-content\/uploads\/2026\/04\/bruno.jpg",1200,1600,false],"tp-image-grid":["https:\/\/daext.gp.utfpr.edu.br\/wp-content\/uploads\/2026\/04\/bruno-700x700.jpg",700,700,true],"thumbnail":["https:\/\/daext.gp.utfpr.edu.br\/wp-content\/uploads\/2026\/04\/bruno-150x150.jpg",150,150,true],"medium":["https:\/\/daext.gp.utfpr.edu.br\/wp-content\/uploads\/2026\/04\/bruno-225x300.jpg",225,300,true],"medium_large":["https:\/\/daext.gp.utfpr.edu.br\/wp-content\/uploads\/2026\/04\/bruno-768x1024.jpg",768,1024,true],"large":["https:\/\/daext.gp.utfpr.edu.br\/wp-content\/uploads\/2026\/04\/bruno-768x1024.jpg",768,1024,true],"default":"https:\/\/daext.gp.utfpr.edu.br\/wp-content\/plugins\/the-plus-addons-for-block-editor\/assets\/images\/tpgb-placeholder.jpg"},"tpgb_post_meta_info":{"get_date":"6 de abril de 2026","get_modified_date":"9 de abril de 2026","category_list":{"category":[{"term_id":1,"name":"Sem categoria","slug":"sem-categoria","term_group":0,"term_taxonomy_id":1,"taxonomy":"category","description":"","parent":0,"count":5,"filter":"raw"}],"post_tag":[{"term_id":46,"name":"ONAA","slug":"onaa","term_group":0,"term_taxonomy_id":46,"taxonomy":"post_tag","description":"","parent":0,"count":1,"filter":"raw"},{"term_id":47,"name":"Peri\u00f3dico","slug":"periodico","term_group":0,"term_taxonomy_id":47,"taxonomy":"post_tag","description":"","parent":0,"count":1,"filter":"raw"}]},"author_name":"daext guarapuava","author_url":"https:\/\/daext.gp.utfpr.edu.br\/?author=2","author_email":"daext-gp@utfpr.edu.br","author_website":"http:\/\/daext.gp.utfp.edu.br","author_description":"","author_facebook":"","author_twitter":"","author_instagram":"","author_role":["administrator"],"author_firstname":"daext","author_lastname":"guarapuava","user_login":"daext","author_avatar":"<img alt='' src='https:\/\/secure.gravatar.com\/avatar\/19401c2afd4e095d6e2b86539641edb4559f0aad8bc6091c8414a7c586528eb5?s=200&#038;d=mm&#038;r=g' srcset='https:\/\/secure.gravatar.com\/avatar\/19401c2afd4e095d6e2b86539641edb4559f0aad8bc6091c8414a7c586528eb5?s=400&#038;d=mm&#038;r=g 2x' class='avatar avatar-200 photo' height='200' width='200' loading='lazy' decoding='async'\/>","author_avatar_url":"https:\/\/secure.gravatar.com\/avatar\/19401c2afd4e095d6e2b86539641edb4559f0aad8bc6091c8414a7c586528eb5?s=96&d=mm&r=g","comment_count":0,"post_likes":0,"post_views":0},"tpgb_post_category":{"category":"<a href=\"https:\/\/daext.gp.utfpr.edu.br\/?cat=1\" alt=\"Sem categoria\"  class=\"category-sem-categoria\">Sem categoria<\/a> ","post_tag":"<a href=\"https:\/\/daext.gp.utfpr.edu.br\/?tag=onaa\" alt=\"ONAA\"  class=\"post_tag-onaa\">ONAA<\/a> <a href=\"https:\/\/daext.gp.utfpr.edu.br\/?tag=periodico\" alt=\"Peri\u00f3dico\"  class=\"post_tag-periodico\">Peri\u00f3dico<\/a> "},"uagb_featured_image_src":{"full":["https:\/\/daext.gp.utfpr.edu.br\/wp-content\/uploads\/2026\/04\/bruno.jpg",1200,1600,false],"thumbnail":["https:\/\/daext.gp.utfpr.edu.br\/wp-content\/uploads\/2026\/04\/bruno-150x150.jpg",150,150,true],"medium":["https:\/\/daext.gp.utfpr.edu.br\/wp-content\/uploads\/2026\/04\/bruno-225x300.jpg",225,300,true],"medium_large":["https:\/\/daext.gp.utfpr.edu.br\/wp-content\/uploads\/2026\/04\/bruno-768x1024.jpg",768,1024,true],"large":["https:\/\/daext.gp.utfpr.edu.br\/wp-content\/uploads\/2026\/04\/bruno-768x1024.jpg",768,1024,true],"1536x1536":["https:\/\/daext.gp.utfpr.edu.br\/wp-content\/uploads\/2026\/04\/bruno-1152x1536.jpg",1152,1536,true],"2048x2048":["https:\/\/daext.gp.utfpr.edu.br\/wp-content\/uploads\/2026\/04\/bruno.jpg",1200,1600,false],"tp-image-grid":["https:\/\/daext.gp.utfpr.edu.br\/wp-content\/uploads\/2026\/04\/bruno-700x700.jpg",700,700,true]},"uagb_author_info":{"display_name":"daext guarapuava","author_link":"https:\/\/daext.gp.utfpr.edu.br\/?author=2"},"uagb_comment_info":0,"uagb_excerpt":"O professor\u00a0Bruno Leonardo Macedo Ferreira, do Departamento de Ci\u00eancias Exatas da UTFPR \u2013 Campus Guarapuava , foi recentemente nomeado\u00a0Editor-Chefe do\u00a0Journal of Operator and Non-Associative Algebras (ONAA), peri\u00f3dico internacional de acesso aberto publicado pela editora BSCIPub. O\u00a0ONAA\u00a0\u00e9 uma revista cient\u00edfica dedicada \u00e0 divulga\u00e7\u00e3o de pesquisas originais e de alta qualidade na \u00e1rea de\u00a0\u00e1lgebras n\u00e3o associativas e&hellip;","_links":{"self":[{"href":"https:\/\/daext.gp.utfpr.edu.br\/index.php?rest_route=\/wp\/v2\/posts\/585","targetHints":{"allow":["GET"]}}],"collection":[{"href":"https:\/\/daext.gp.utfpr.edu.br\/index.php?rest_route=\/wp\/v2\/posts"}],"about":[{"href":"https:\/\/daext.gp.utfpr.edu.br\/index.php?rest_route=\/wp\/v2\/types\/post"}],"author":[{"embeddable":true,"href":"https:\/\/daext.gp.utfpr.edu.br\/index.php?rest_route=\/wp\/v2\/users\/2"}],"replies":[{"embeddable":true,"href":"https:\/\/daext.gp.utfpr.edu.br\/index.php?rest_route=%2Fwp%2Fv2%2Fcomments&post=585"}],"version-history":[{"count":3,"href":"https:\/\/daext.gp.utfpr.edu.br\/index.php?rest_route=\/wp\/v2\/posts\/585\/revisions"}],"predecessor-version":[{"id":635,"href":"https:\/\/daext.gp.utfpr.edu.br\/index.php?rest_route=\/wp\/v2\/posts\/585\/revisions\/635"}],"wp:featuredmedia":[{"embeddable":true,"href":"https:\/\/daext.gp.utfpr.edu.br\/index.php?rest_route=\/wp\/v2\/media\/587"}],"wp:attachment":[{"href":"https:\/\/daext.gp.utfpr.edu.br\/index.php?rest_route=%2Fwp%2Fv2%2Fmedia&parent=585"}],"wp:term":[{"taxonomy":"category","embeddable":true,"href":"https:\/\/daext.gp.utfpr.edu.br\/index.php?rest_route=%2Fwp%2Fv2%2Fcategories&post=585"},{"taxonomy":"post_tag","embeddable":true,"href":"https:\/\/daext.gp.utfpr.edu.br\/index.php?rest_route=%2Fwp%2Fv2%2Ftags&post=585"}],"curies":[{"name":"wp","href":"https:\/\/api.w.org\/{rel}","templated":true}]}}